{"id":1824,"date":"2022-07-10T23:08:36","date_gmt":"2022-07-10T21:08:36","guid":{"rendered":"https:\/\/www.gemsli.at\/?p=1824"},"modified":"2022-08-07T16:04:59","modified_gmt":"2022-08-07T14:04:59","slug":"alpen_blick-genusswanderung","status":"publish","type":"post","link":"https:\/\/www.gemsli.at\/index.php\/alpen_blick-genusswanderung\/","title":{"rendered":"Alpen_Blick Genusswanderung"},"content":{"rendered":"\n<p>Wandern, die Naturvielfalt bestaunen und regionale Alprodukte genie\u00dfen.<br>Das war das Motto vom \u2018gemsli Geschenkgutschein, der heute eingel\u00f6st wurde.<\/p>\n\n\n\n<figure class=\"wp-block-gallery has-nested-images columns-2 is-cropped wp-block-gallery-1 is-layout-flex wp-block-gallery-is-layout-flex\">\n<figure class=\"wp-block-image size-large\"><img loading=\"lazy\" decoding=\"async\" width=\"1680\" height=\"1260\" data-id=\"1871\" src=\"https:\/\/www.gemsli.at\/wp-content\/uploads\/2022\/08\/gemsli-Blog-Alpen_Blick-Genusswanderung-02.jpg\" alt=\"\" class=\"wp-image-1871\" srcset=\"https:\/\/www.gemsli.at\/wp-content\/uploads\/2022\/08\/gemsli-Blog-Alpen_Blick-Genusswanderung-02.jpg 1680w, https:\/\/www.gemsli.at\/wp-content\/uploads\/2022\/08\/gemsli-Blog-Alpen_Blick-Genusswanderung-02-300x225.jpg 300w, https:\/\/www.gemsli.at\/wp-content\/uploads\/2022\/08\/gemsli-Blog-Alpen_Blick-Genusswanderung-02-1024x768.jpg 1024w, https:\/\/www.gemsli.at\/wp-content\/uploads\/2022\/08\/gemsli-Blog-Alpen_Blick-Genusswanderung-02-768x576.jpg 768w, https:\/\/www.gemsli.at\/wp-content\/uploads\/2022\/08\/gemsli-Blog-Alpen_Blick-Genusswanderung-02-1536x1152.jpg 1536w\" sizes=\"auto, (max-width: 767px) 89vw, (max-width: 1000px) 54vw, (max-width: 1071px) 543px, 580px\" \/><\/figure>\n\n\n\n<figure class=\"wp-block-image size-large\"><img loading=\"lazy\" decoding=\"async\" width=\"2243\" height=\"1260\" data-id=\"1875\" src=\"https:\/\/www.gemsli.at\/wp-content\/uploads\/2022\/08\/gemsli-Blog-Alpen_Blick-Genusswanderung-06.jpg\" alt=\"\" class=\"wp-image-1875\" srcset=\"https:\/\/www.gemsli.at\/wp-content\/uploads\/2022\/08\/gemsli-Blog-Alpen_Blick-Genusswanderung-06.jpg 2243w, https:\/\/www.gemsli.at\/wp-content\/uploads\/2022\/08\/gemsli-Blog-Alpen_Blick-Genusswanderung-06-300x169.jpg 300w, https:\/\/www.gemsli.at\/wp-content\/uploads\/2022\/08\/gemsli-Blog-Alpen_Blick-Genusswanderung-06-1024x575.jpg 1024w, https:\/\/www.gemsli.at\/wp-content\/uploads\/2022\/08\/gemsli-Blog-Alpen_Blick-Genusswanderung-06-768x431.jpg 768w, https:\/\/www.gemsli.at\/wp-content\/uploads\/2022\/08\/gemsli-Blog-Alpen_Blick-Genusswanderung-06-1536x863.jpg 1536w, https:\/\/www.gemsli.at\/wp-content\/uploads\/2022\/08\/gemsli-Blog-Alpen_Blick-Genusswanderung-06-2048x1150.jpg 2048w\" sizes=\"auto, (max-width: 767px) 89vw, (max-width: 1000px) 54vw, (max-width: 1071px) 543px, 580px\" \/><\/figure>\n\n\n\n<figure class=\"wp-block-image size-large\"><img loading=\"lazy\" decoding=\"async\" width=\"2243\" height=\"1260\" data-id=\"1876\" src=\"https:\/\/www.gemsli.at\/wp-content\/uploads\/2022\/08\/gemsli-Blog-Alpen_Blick-Genusswanderung-07.jpg\" alt=\"\" class=\"wp-image-1876\" srcset=\"https:\/\/www.gemsli.at\/wp-content\/uploads\/2022\/08\/gemsli-Blog-Alpen_Blick-Genusswanderung-07.jpg 2243w, https:\/\/www.gemsli.at\/wp-content\/uploads\/2022\/08\/gemsli-Blog-Alpen_Blick-Genusswanderung-07-300x169.jpg 300w, https:\/\/www.gemsli.at\/wp-content\/uploads\/2022\/08\/gemsli-Blog-Alpen_Blick-Genusswanderung-07-1024x575.jpg 1024w, https:\/\/www.gemsli.at\/wp-content\/uploads\/2022\/08\/gemsli-Blog-Alpen_Blick-Genusswanderung-07-768x431.jpg 768w, https:\/\/www.gemsli.at\/wp-content\/uploads\/2022\/08\/gemsli-Blog-Alpen_Blick-Genusswanderung-07-1536x863.jpg 1536w, https:\/\/www.gemsli.at\/wp-content\/uploads\/2022\/08\/gemsli-Blog-Alpen_Blick-Genusswanderung-07-2048x1150.jpg 2048w\" sizes=\"auto, (max-width: 767px) 89vw, (max-width: 1000px) 54vw, (max-width: 1071px) 543px, 580px\" \/><\/figure>\n\n\n\n<figure class=\"wp-block-image size-large\"><img loading=\"lazy\" decoding=\"async\" width=\"2243\" height=\"1260\" data-id=\"1877\" src=\"https:\/\/www.gemsli.at\/wp-content\/uploads\/2022\/08\/gemsli-Blog-Alpen_Blick-Genusswanderung-08.jpg\" alt=\"\" class=\"wp-image-1877\" srcset=\"https:\/\/www.gemsli.at\/wp-content\/uploads\/2022\/08\/gemsli-Blog-Alpen_Blick-Genusswanderung-08.jpg 2243w, https:\/\/www.gemsli.at\/wp-content\/uploads\/2022\/08\/gemsli-Blog-Alpen_Blick-Genusswanderung-08-300x169.jpg 300w, https:\/\/www.gemsli.at\/wp-content\/uploads\/2022\/08\/gemsli-Blog-Alpen_Blick-Genusswanderung-08-1024x575.jpg 1024w, https:\/\/www.gemsli.at\/wp-content\/uploads\/2022\/08\/gemsli-Blog-Alpen_Blick-Genusswanderung-08-768x431.jpg 768w, https:\/\/www.gemsli.at\/wp-content\/uploads\/2022\/08\/gemsli-Blog-Alpen_Blick-Genusswanderung-08-1536x863.jpg 1536w, https:\/\/www.gemsli.at\/wp-content\/uploads\/2022\/08\/gemsli-Blog-Alpen_Blick-Genusswanderung-08-2048x1150.jpg 2048w\" sizes=\"auto, (max-width: 767px) 89vw, (max-width: 1000px) 54vw, (max-width: 1071px) 543px, 580px\" \/><\/figure>\n<\/figure>\n\n\n\n<p>Wir wanderten am Sonnenbalkon Bartholom\u00e4berg \u00fcber das historische Bergwerk zum Fritzensee, bestaunten Bergmolche, Libellen, Klappertopf, Augentrost und ganz \u00fcberraschend sogar eine Hirschkuh.<\/p>\n\n\n\n<p>\u00dcber das Jagdhaus f\u00fchrte unsere Wanderung zu meinem Lieblingsplatz, das Rellseck.<br>Dort angekommen, wurden meine Wanderfreunde mit einer feine Bauernjause mit regionalen Produkten aus dem Montafon verw\u00f6hnt: Sura Kees, Bergk\u00e4se, Speck, Gem\u00fcse aus dem Garten und selbstgebackenes Brot.<\/p>\n\n\n\n<figure class=\"wp-block-gallery has-nested-images columns-2 is-cropped wp-block-gallery-2 is-layout-flex wp-block-gallery-is-layout-flex\">\n<figure class=\"wp-block-image size-large\"><img loading=\"lazy\" decoding=\"async\" width=\"2243\" height=\"1260\" data-id=\"1870\" src=\"https:\/\/www.gemsli.at\/wp-content\/uploads\/2022\/08\/gemsli-Blog-Alpen_Blick-Genusswanderung-0.jpg\" alt=\"\" class=\"wp-image-1870\" srcset=\"https:\/\/www.gemsli.at\/wp-content\/uploads\/2022\/08\/gemsli-Blog-Alpen_Blick-Genusswanderung-0.jpg 2243w, https:\/\/www.gemsli.at\/wp-content\/uploads\/2022\/08\/gemsli-Blog-Alpen_Blick-Genusswanderung-0-300x169.jpg 300w, https:\/\/www.gemsli.at\/wp-content\/uploads\/2022\/08\/gemsli-Blog-Alpen_Blick-Genusswanderung-0-1024x575.jpg 1024w, https:\/\/www.gemsli.at\/wp-content\/uploads\/2022\/08\/gemsli-Blog-Alpen_Blick-Genusswanderung-0-768x431.jpg 768w, https:\/\/www.gemsli.at\/wp-content\/uploads\/2022\/08\/gemsli-Blog-Alpen_Blick-Genusswanderung-0-1536x863.jpg 1536w, https:\/\/www.gemsli.at\/wp-content\/uploads\/2022\/08\/gemsli-Blog-Alpen_Blick-Genusswanderung-0-2048x1150.jpg 2048w\" sizes=\"auto, (max-width: 767px) 89vw, (max-width: 1000px) 54vw, (max-width: 1071px) 543px, 580px\" \/><\/figure>\n<\/figure>\n\n\n\n<figure class=\"wp-block-gallery has-nested-images columns-default is-cropped wp-block-gallery-3 is-layout-flex wp-block-gallery-is-layout-flex\">\n<figure class=\"wp-block-image size-large\"><img loading=\"lazy\" decoding=\"async\" width=\"2243\" height=\"1260\" data-id=\"1872\" src=\"https:\/\/www.gemsli.at\/wp-content\/uploads\/2022\/08\/gemsli-Blog-Alpen_Blick-Genusswanderung-03.jpg\" alt=\"\" class=\"wp-image-1872\" srcset=\"https:\/\/www.gemsli.at\/wp-content\/uploads\/2022\/08\/gemsli-Blog-Alpen_Blick-Genusswanderung-03.jpg 2243w, https:\/\/www.gemsli.at\/wp-content\/uploads\/2022\/08\/gemsli-Blog-Alpen_Blick-Genusswanderung-03-300x169.jpg 300w, https:\/\/www.gemsli.at\/wp-content\/uploads\/2022\/08\/gemsli-Blog-Alpen_Blick-Genusswanderung-03-1024x575.jpg 1024w, https:\/\/www.gemsli.at\/wp-content\/uploads\/2022\/08\/gemsli-Blog-Alpen_Blick-Genusswanderung-03-768x431.jpg 768w, https:\/\/www.gemsli.at\/wp-content\/uploads\/2022\/08\/gemsli-Blog-Alpen_Blick-Genusswanderung-03-1536x863.jpg 1536w, https:\/\/www.gemsli.at\/wp-content\/uploads\/2022\/08\/gemsli-Blog-Alpen_Blick-Genusswanderung-03-2048x1150.jpg 2048w\" sizes=\"auto, (max-width: 767px) 89vw, (max-width: 1000px) 54vw, (max-width: 1071px) 543px, 580px\" \/><\/figure>\n<\/figure>\n\n\n\n<p>Wir genossen ein unvergessliches Bergerlebnis mit atemberaubendem Ausblick.<\/p>\n\n\n\n<p>Eine wundervolle gelungene Tour mit Elke und Anton, die wir mit Kaffee und meinen k\u00f6stlichen Gemsli-Hara bei meinem Ehni an der Ferienunterkunft ALPENHOF Gemsli gem\u00fctlich ausklingen lie\u00dfen. <\/p>\n\n\n\n<figure class=\"wp-block-gallery has-nested-images columns-default is-cropped wp-block-gallery-4 is-layout-flex wp-block-gallery-is-layout-flex\">\n<figure class=\"wp-block-image size-large\"><img loading=\"lazy\" decoding=\"async\" width=\"2243\" height=\"1260\" data-id=\"1886\" src=\"https:\/\/www.gemsli.at\/wp-content\/uploads\/2022\/08\/gemsli-Blog-Alpen_Blick-Genusswanderung-09.jpg\" alt=\"\" class=\"wp-image-1886\" srcset=\"https:\/\/www.gemsli.at\/wp-content\/uploads\/2022\/08\/gemsli-Blog-Alpen_Blick-Genusswanderung-09.jpg 2243w, https:\/\/www.gemsli.at\/wp-content\/uploads\/2022\/08\/gemsli-Blog-Alpen_Blick-Genusswanderung-09-300x169.jpg 300w, https:\/\/www.gemsli.at\/wp-content\/uploads\/2022\/08\/gemsli-Blog-Alpen_Blick-Genusswanderung-09-1024x575.jpg 1024w, https:\/\/www.gemsli.at\/wp-content\/uploads\/2022\/08\/gemsli-Blog-Alpen_Blick-Genusswanderung-09-768x431.jpg 768w, https:\/\/www.gemsli.at\/wp-content\/uploads\/2022\/08\/gemsli-Blog-Alpen_Blick-Genusswanderung-09-1536x863.jpg 1536w, https:\/\/www.gemsli.at\/wp-content\/uploads\/2022\/08\/gemsli-Blog-Alpen_Blick-Genusswanderung-09-2048x1150.jpg 2048w\" sizes=\"auto, (max-width: 767px) 89vw, (max-width: 1000px) 54vw, (max-width: 1071px) 543px, 580px\" \/><\/figure>\n<\/figure>\n\n\n\n<p>Herzlichen Dank f\u00fcr Euere Begeisterung und Euer gro\u00dfes Interesse an unserer sch\u00f6nen Natur.<\/p>\n","protected":false},"excerpt":{"rendered":"<p>Wandern, die Naturvielfalt bestaunen und regionale Alprodukte genie\u00dfen.Das war das Motto vom \u2018gemsli Geschenkgutschein, der heute eingel\u00f6st wurde. Wir wanderten am Sonnenbalkon Bartholom\u00e4berg \u00fcber das historische Bergwerk zum Fritzensee, bestaunten Bergmolche, Libellen, Klappertopf, Augentrost und ganz \u00fcberraschend sogar eine Hirschkuh. \u00dcber das Jagdhaus f\u00fchrte unsere Wanderung zu meinem Lieblingsplatz, das Rellseck.Dort angekommen, wurden meine Wanderfreunde &hellip; <\/p>\n<p class=\"link-more\"><a href=\"https:\/\/www.gemsli.at\/index.php\/alpen_blick-genusswanderung\/\" class=\"more-link\">Continue reading<span class=\"screen-reader-text\"> &#8222;Alpen_Blick Genusswanderung&#8220;<\/span><\/a><\/p>\n","protected":false},"author":1,"featured_media":1869,"comment_status":"closed","ping_status":"closed","sticky":false,"template":"","format":"standard","meta":{"footnotes":""},"categories":[1,28,5,8,92],"tags":[73,74,72,75,76],"class_list":["post-1824","post","type-post","status-publish","format-standard","has-post-thumbnail","hentry","category-allgemein","category-alpen_blick-2","category-blog","category-gipfel_glueck","category-natur_vielfalt","tag-fritzensee","tag-geschenkgutschein","tag-historisches-bergwerk","tag-rellseck","tag-sura-kees"],"_links":{"self":[{"href":"https:\/\/www.gemsli.at\/index.php\/wp-json\/wp\/v2\/posts\/1824","targetHints":{"allow":["GET"]}}],"collection":[{"href":"https:\/\/www.gemsli.at\/index.php\/wp-json\/wp\/v2\/posts"}],"about":[{"href":"https:\/\/www.gemsli.at\/index.php\/wp-json\/wp\/v2\/types\/post"}],"author":[{"embeddable":true,"href":"https:\/\/www.gemsli.at\/index.php\/wp-json\/wp\/v2\/users\/1"}],"replies":[{"embeddable":true,"href":"https:\/\/www.gemsli.at\/index.php\/wp-json\/wp\/v2\/comments?post=1824"}],"version-history":[{"count":11,"href":"https:\/\/www.gemsli.at\/index.php\/wp-json\/wp\/v2\/posts\/1824\/revisions"}],"predecessor-version":[{"id":1890,"href":"https:\/\/www.gemsli.at\/index.php\/wp-json\/wp\/v2\/posts\/1824\/revisions\/1890"}],"wp:featuredmedia":[{"embeddable":true,"href":"https:\/\/www.gemsli.at\/index.php\/wp-json\/wp\/v2\/media\/1869"}],"wp:attachment":[{"href":"https:\/\/www.gemsli.at\/index.php\/wp-json\/wp\/v2\/media?parent=1824"}],"wp:term":[{"taxonomy":"category","embeddable":true,"href":"https:\/\/www.gemsli.at\/index.php\/wp-json\/wp\/v2\/categories?post=1824"},{"taxonomy":"post_tag","embeddable":true,"href":"https:\/\/www.gemsli.at\/index.php\/wp-json\/wp\/v2\/tags?post=1824"}],"curies":[{"name":"wp","href":"https:\/\/api.w.org\/{rel}","templated":true}]}}