{"id":1662,"date":"2022-04-17T22:26:40","date_gmt":"2022-04-17T20:26:40","guid":{"rendered":"https:\/\/www.gemsli.at\/?p=1662"},"modified":"2022-05-03T22:37:19","modified_gmt":"2022-05-03T20:37:19","slug":"idyllische-fackelwanderung","status":"publish","type":"post","link":"https:\/\/www.gemsli.at\/index.php\/idyllische-fackelwanderung\/","title":{"rendered":"Idyllische Fackelwanderung"},"content":{"rendered":"\n<p>Der Abend des Ostersonntag wurde zu einem ganz besonderen Erlebnis f\u00fcr meine zwei St\u00e4dtereisenden aus Spanien.<\/p>\n\n\n\n<p>Gemeinsam wanderten wir in der Stille der Abendd\u00e4mmerung von der Altstadt Bludenz aus, vorbei an der St. Laurentius Kirche, zum Montikel Panoramaweg.&nbsp;<\/p>\n\n\n\n<p>Am h\u00f6chsten Punkt angekommen hatten wir einen atemberaubenden Blick auf das Lichtermeer der Alpenstadt Bludenz. Die Bergsilhouette zeichnete sich am r\u00f6tlich gef\u00e4rbten Himmel deutlich ab und die ersten Sterne kamen bereits zum Vorschein.<br>Bei einer gem\u00fctlichen Rast, verw\u00f6hnte ich meine G\u00e4ste mit einem hausgemachten Fr\u00fcchtepunsch und \u00fcberraschte sie mit selbstgemachten s\u00fc\u00dfen K\u00f6stlichkeiten.<\/p>\n\n\n\n<figure class=\"wp-block-gallery has-nested-images columns-default is-cropped wp-block-gallery-1 is-layout-flex wp-block-gallery-is-layout-flex\">\n<figure class=\"wp-block-image size-large\"><img loading=\"lazy\" decoding=\"async\" width=\"1600\" height=\"1200\" data-id=\"1665\" src=\"https:\/\/www.gemsli.at\/wp-content\/uploads\/2022\/05\/gemsli-Blog_Alpenstadt-Fackelwanderung2.jpg\" alt=\"\" class=\"wp-image-1665\" srcset=\"https:\/\/www.gemsli.at\/wp-content\/uploads\/2022\/05\/gemsli-Blog_Alpenstadt-Fackelwanderung2.jpg 1600w, https:\/\/www.gemsli.at\/wp-content\/uploads\/2022\/05\/gemsli-Blog_Alpenstadt-Fackelwanderung2-300x225.jpg 300w, https:\/\/www.gemsli.at\/wp-content\/uploads\/2022\/05\/gemsli-Blog_Alpenstadt-Fackelwanderung2-1024x768.jpg 1024w, https:\/\/www.gemsli.at\/wp-content\/uploads\/2022\/05\/gemsli-Blog_Alpenstadt-Fackelwanderung2-768x576.jpg 768w, https:\/\/www.gemsli.at\/wp-content\/uploads\/2022\/05\/gemsli-Blog_Alpenstadt-Fackelwanderung2-1536x1152.jpg 1536w\" sizes=\"auto, (max-width: 767px) 89vw, (max-width: 1000px) 54vw, (max-width: 1071px) 543px, 580px\" \/><\/figure>\n\n\n\n<figure class=\"wp-block-image size-large\"><img loading=\"lazy\" decoding=\"async\" width=\"1600\" height=\"2133\" data-id=\"1666\" src=\"https:\/\/www.gemsli.at\/wp-content\/uploads\/2022\/05\/gemsli-Blog_Alpenstadt-Fackelwanderung3.jpg\" alt=\"\" class=\"wp-image-1666\" srcset=\"https:\/\/www.gemsli.at\/wp-content\/uploads\/2022\/05\/gemsli-Blog_Alpenstadt-Fackelwanderung3.jpg 1600w, https:\/\/www.gemsli.at\/wp-content\/uploads\/2022\/05\/gemsli-Blog_Alpenstadt-Fackelwanderung3-225x300.jpg 225w, https:\/\/www.gemsli.at\/wp-content\/uploads\/2022\/05\/gemsli-Blog_Alpenstadt-Fackelwanderung3-768x1024.jpg 768w, https:\/\/www.gemsli.at\/wp-content\/uploads\/2022\/05\/gemsli-Blog_Alpenstadt-Fackelwanderung3-1152x1536.jpg 1152w, https:\/\/www.gemsli.at\/wp-content\/uploads\/2022\/05\/gemsli-Blog_Alpenstadt-Fackelwanderung3-1536x2048.jpg 1536w\" sizes=\"auto, (max-width: 767px) 89vw, (max-width: 1000px) 54vw, (max-width: 1071px) 543px, 580px\" \/><\/figure>\n<\/figure>\n\n\n\n<p>In der sternenklaren Nacht entz\u00fcndeten wir unsere Fackeln und wanderten \u00fcber den Ferdinand Gassner Weg nach Rungelin. Eine abenteuerliche Abendwanderung \u00fcber den D\u00e4chern der Alpenstadt Bludenz, mit Blick auf die umliegenden Berge und Talschaften.<\/p>\n\n\n\n<p>Diese leichte und auch f\u00fcr Familien sehr zu empfehlende Tour findet regelm\u00e4ssig, jeden Sonntagabend, gegen Voranmeldung statt.<\/p>\n","protected":false},"excerpt":{"rendered":"<p>Der Abend des Ostersonntag wurde zu einem ganz besonderen Erlebnis f\u00fcr meine zwei St\u00e4dtereisenden aus Spanien. Gemeinsam wanderten wir in der Stille der Abendd\u00e4mmerung von der Altstadt Bludenz aus, vorbei an der St. Laurentius Kirche, zum Montikel Panoramaweg.&nbsp; Am h\u00f6chsten Punkt angekommen hatten wir einen atemberaubenden Blick auf das Lichtermeer der Alpenstadt Bludenz. Die Bergsilhouette &hellip; <\/p>\n<p class=\"link-more\"><a href=\"https:\/\/www.gemsli.at\/index.php\/idyllische-fackelwanderung\/\" class=\"more-link\">Continue reading<span class=\"screen-reader-text\"> &#8222;Idyllische Fackelwanderung&#8220;<\/span><\/a><\/p>\n","protected":false},"author":1,"featured_media":1664,"comment_status":"closed","ping_status":"closed","sticky":false,"template":"","format":"standard","meta":{"footnotes":""},"categories":[1,28,48,5],"tags":[47],"class_list":["post-1662","post","type-post","status-publish","format-standard","has-post-thumbnail","hentry","category-allgemein","category-alpen_blick-2","category-alpen_erleben","category-blog","tag-alpenstadt-bludenz"],"_links":{"self":[{"href":"https:\/\/www.gemsli.at\/index.php\/wp-json\/wp\/v2\/posts\/1662","targetHints":{"allow":["GET"]}}],"collection":[{"href":"https:\/\/www.gemsli.at\/index.php\/wp-json\/wp\/v2\/posts"}],"about":[{"href":"https:\/\/www.gemsli.at\/index.php\/wp-json\/wp\/v2\/types\/post"}],"author":[{"embeddable":true,"href":"https:\/\/www.gemsli.at\/index.php\/wp-json\/wp\/v2\/users\/1"}],"replies":[{"embeddable":true,"href":"https:\/\/www.gemsli.at\/index.php\/wp-json\/wp\/v2\/comments?post=1662"}],"version-history":[{"count":2,"href":"https:\/\/www.gemsli.at\/index.php\/wp-json\/wp\/v2\/posts\/1662\/revisions"}],"predecessor-version":[{"id":1667,"href":"https:\/\/www.gemsli.at\/index.php\/wp-json\/wp\/v2\/posts\/1662\/revisions\/1667"}],"wp:featuredmedia":[{"embeddable":true,"href":"https:\/\/www.gemsli.at\/index.php\/wp-json\/wp\/v2\/media\/1664"}],"wp:attachment":[{"href":"https:\/\/www.gemsli.at\/index.php\/wp-json\/wp\/v2\/media?parent=1662"}],"wp:term":[{"taxonomy":"category","embeddable":true,"href":"https:\/\/www.gemsli.at\/index.php\/wp-json\/wp\/v2\/categories?post=1662"},{"taxonomy":"post_tag","embeddable":true,"href":"https:\/\/www.gemsli.at\/index.php\/wp-json\/wp\/v2\/tags?post=1662"}],"curies":[{"name":"wp","href":"https:\/\/api.w.org\/{rel}","templated":true}]}}