{"id":1147,"date":"2021-10-24T11:22:33","date_gmt":"2021-10-24T09:22:33","guid":{"rendered":"https:\/\/www.gemsli.at\/?p=1147"},"modified":"2022-03-05T12:15:23","modified_gmt":"2022-03-05T11:15:23","slug":"kunterbunte-herbstliebe","status":"publish","type":"post","link":"https:\/\/www.gemsli.at\/index.php\/kunterbunte-herbstliebe\/","title":{"rendered":"Kunterbunte Herbstliebe"},"content":{"rendered":"\n<p>Aus einem Geburtstagsgutschein ihrer Freundinnen wurde fu\u0308r Nina heute ein wundersch\u00f6nes Erlebnis. <\/p>\n\n\n\n<figure class=\"wp-block-gallery columns-1 is-cropped wp-block-gallery-1 is-layout-flex wp-block-gallery-is-layout-flex\"><ul class=\"blocks-gallery-grid\"><li class=\"blocks-gallery-item\"><figure><img loading=\"lazy\" decoding=\"async\" width=\"1024\" height=\"723\" src=\"https:\/\/www.gemsli.at\/wp-content\/uploads\/2021\/11\/gemsli-Gutschein-Alpenerleben-scaled-e1636194561532-1024x723.jpg\" alt=\"\" data-id=\"1140\" data-full-url=\"https:\/\/www.gemsli.at\/wp-content\/uploads\/2021\/11\/gemsli-Gutschein-Alpenerleben-scaled-e1636194561532.jpg\" data-link=\"https:\/\/www.gemsli.at\/gemsli-gutschein-alpenerleben\/\" class=\"wp-image-1140\" srcset=\"https:\/\/www.gemsli.at\/wp-content\/uploads\/2021\/11\/gemsli-Gutschein-Alpenerleben-scaled-e1636194561532-1024x723.jpg 1024w, https:\/\/www.gemsli.at\/wp-content\/uploads\/2021\/11\/gemsli-Gutschein-Alpenerleben-scaled-e1636194561532-300x212.jpg 300w, https:\/\/www.gemsli.at\/wp-content\/uploads\/2021\/11\/gemsli-Gutschein-Alpenerleben-scaled-e1636194561532-768x542.jpg 768w, https:\/\/www.gemsli.at\/wp-content\/uploads\/2021\/11\/gemsli-Gutschein-Alpenerleben-scaled-e1636194561532-1536x1085.jpg 1536w, https:\/\/www.gemsli.at\/wp-content\/uploads\/2021\/11\/gemsli-Gutschein-Alpenerleben-scaled-e1636194561532.jpg 1920w\" sizes=\"auto, (max-width: 767px) 89vw, (max-width: 1000px) 54vw, (max-width: 1071px) 543px, 580px\" \/><\/figure><\/li><\/ul><\/figure>\n\n\n\n<p>Unser Tag startete mit einer abenteuerlichen Fahrt u\u0308ber die Silvretta Hochalpenstra\u00dfe nach Tirol, ins herrliche Paznaun.<br>Eine Wanderung durch gelbe L\u00e4rchenw\u00e4lder und dunkelrot gef\u00e4rbte Rauschbeerstauden, bei strahlend blauem Himmel und sp\u00e4tsommerlichen Temperaturen.<\/p>\n\n\n\n<figure class=\"wp-block-gallery columns-1 is-cropped wp-block-gallery-2 is-layout-flex wp-block-gallery-is-layout-flex\"><ul class=\"blocks-gallery-grid\"><li class=\"blocks-gallery-item\"><figure><img loading=\"lazy\" decoding=\"async\" width=\"1024\" height=\"768\" src=\"https:\/\/www.gemsli.at\/wp-content\/uploads\/2021\/11\/gemsli-Blog-Alpen_Blick-Herbstwanderung_2-1024x768.jpg\" alt=\"\" data-id=\"1144\" data-full-url=\"https:\/\/www.gemsli.at\/wp-content\/uploads\/2021\/11\/gemsli-Blog-Alpen_Blick-Herbstwanderung_2-scaled.jpg\" data-link=\"https:\/\/www.gemsli.at\/gemsli-blog-alpen_blick-herbstwanderung_2\/\" class=\"wp-image-1144\" srcset=\"https:\/\/www.gemsli.at\/wp-content\/uploads\/2021\/11\/gemsli-Blog-Alpen_Blick-Herbstwanderung_2-1024x768.jpg 1024w, https:\/\/www.gemsli.at\/wp-content\/uploads\/2021\/11\/gemsli-Blog-Alpen_Blick-Herbstwanderung_2-300x225.jpg 300w, https:\/\/www.gemsli.at\/wp-content\/uploads\/2021\/11\/gemsli-Blog-Alpen_Blick-Herbstwanderung_2-768x576.jpg 768w, https:\/\/www.gemsli.at\/wp-content\/uploads\/2021\/11\/gemsli-Blog-Alpen_Blick-Herbstwanderung_2-1536x1152.jpg 1536w, https:\/\/www.gemsli.at\/wp-content\/uploads\/2021\/11\/gemsli-Blog-Alpen_Blick-Herbstwanderung_2-2048x1536.jpg 2048w\" sizes=\"auto, (max-width: 767px) 89vw, (max-width: 1000px) 54vw, (max-width: 1071px) 543px, 580px\" \/><\/figure><\/li><\/ul><\/figure>\n\n\n\n<p>Am Tagesziel angekommen, verw\u00f6hnte ich meinen Gast mit einer traditionellen Bauernjause mit Produkten aus heimischer Landwirtschaft und zum su\u0308\u00dfen Abschluss gab es meine selbstgebackenen k\u00f6stlichen \u2018gemsli Hara, die in ihrer Form dem Horn der G\u00e4mse &#8211; in der J\u00e4gersprache \u2018Krickel\u2019 &#8211; nachempfunden sind. <\/p>\n\n\n\n<figure class=\"wp-block-gallery columns-2 is-cropped wp-block-gallery-3 is-layout-flex wp-block-gallery-is-layout-flex\"><ul class=\"blocks-gallery-grid\"><li class=\"blocks-gallery-item\"><figure><img loading=\"lazy\" decoding=\"async\" width=\"768\" height=\"1024\" src=\"https:\/\/www.gemsli.at\/wp-content\/uploads\/2021\/11\/gemsli-Blog-Alpen_Blick-Herbstwanderung_4-768x1024.jpg\" alt=\"\" data-id=\"1146\" data-full-url=\"https:\/\/www.gemsli.at\/wp-content\/uploads\/2021\/11\/gemsli-Blog-Alpen_Blick-Herbstwanderung_4-scaled.jpg\" data-link=\"https:\/\/www.gemsli.at\/gemsli-blog-alpen_blick-herbstwanderung_4\/\" class=\"wp-image-1146\" srcset=\"https:\/\/www.gemsli.at\/wp-content\/uploads\/2021\/11\/gemsli-Blog-Alpen_Blick-Herbstwanderung_4-768x1024.jpg 768w, https:\/\/www.gemsli.at\/wp-content\/uploads\/2021\/11\/gemsli-Blog-Alpen_Blick-Herbstwanderung_4-225x300.jpg 225w, https:\/\/www.gemsli.at\/wp-content\/uploads\/2021\/11\/gemsli-Blog-Alpen_Blick-Herbstwanderung_4-1152x1536.jpg 1152w, https:\/\/www.gemsli.at\/wp-content\/uploads\/2021\/11\/gemsli-Blog-Alpen_Blick-Herbstwanderung_4-1536x2048.jpg 1536w, https:\/\/www.gemsli.at\/wp-content\/uploads\/2021\/11\/gemsli-Blog-Alpen_Blick-Herbstwanderung_4-scaled.jpg 1920w\" sizes=\"auto, (max-width: 767px) 89vw, (max-width: 1000px) 54vw, (max-width: 1071px) 543px, 580px\" \/><\/figure><\/li><li class=\"blocks-gallery-item\"><figure><img loading=\"lazy\" decoding=\"async\" width=\"1024\" height=\"768\" src=\"https:\/\/www.gemsli.at\/wp-content\/uploads\/2021\/11\/gemsli-Blog-Alpen_Blick-Herbstwanderung_3-1024x768.jpg\" alt=\"\" data-id=\"1145\" data-full-url=\"https:\/\/www.gemsli.at\/wp-content\/uploads\/2021\/11\/gemsli-Blog-Alpen_Blick-Herbstwanderung_3-scaled.jpg\" data-link=\"https:\/\/www.gemsli.at\/gemsli-blog-alpen_blick-herbstwanderung_3\/\" class=\"wp-image-1145\" srcset=\"https:\/\/www.gemsli.at\/wp-content\/uploads\/2021\/11\/gemsli-Blog-Alpen_Blick-Herbstwanderung_3-1024x768.jpg 1024w, https:\/\/www.gemsli.at\/wp-content\/uploads\/2021\/11\/gemsli-Blog-Alpen_Blick-Herbstwanderung_3-300x225.jpg 300w, https:\/\/www.gemsli.at\/wp-content\/uploads\/2021\/11\/gemsli-Blog-Alpen_Blick-Herbstwanderung_3-768x576.jpg 768w, https:\/\/www.gemsli.at\/wp-content\/uploads\/2021\/11\/gemsli-Blog-Alpen_Blick-Herbstwanderung_3-1536x1152.jpg 1536w, https:\/\/www.gemsli.at\/wp-content\/uploads\/2021\/11\/gemsli-Blog-Alpen_Blick-Herbstwanderung_3-2048x1536.jpg 2048w\" sizes=\"auto, (max-width: 767px) 89vw, (max-width: 1000px) 54vw, (max-width: 1071px) 543px, 580px\" \/><\/figure><\/li><li class=\"blocks-gallery-item\"><figure><img loading=\"lazy\" decoding=\"async\" width=\"1024\" height=\"768\" src=\"https:\/\/www.gemsli.at\/wp-content\/uploads\/2021\/11\/gemsli-Blog-Alpen_Blick-Herbstwanderung_1-1024x768.jpg\" alt=\"\" data-id=\"1143\" data-full-url=\"https:\/\/www.gemsli.at\/wp-content\/uploads\/2021\/11\/gemsli-Blog-Alpen_Blick-Herbstwanderung_1-scaled.jpg\" data-link=\"https:\/\/www.gemsli.at\/gemsli-blog-alpen_blick-herbstwanderung_1\/\" class=\"wp-image-1143\" srcset=\"https:\/\/www.gemsli.at\/wp-content\/uploads\/2021\/11\/gemsli-Blog-Alpen_Blick-Herbstwanderung_1-1024x768.jpg 1024w, https:\/\/www.gemsli.at\/wp-content\/uploads\/2021\/11\/gemsli-Blog-Alpen_Blick-Herbstwanderung_1-300x225.jpg 300w, https:\/\/www.gemsli.at\/wp-content\/uploads\/2021\/11\/gemsli-Blog-Alpen_Blick-Herbstwanderung_1-768x576.jpg 768w, https:\/\/www.gemsli.at\/wp-content\/uploads\/2021\/11\/gemsli-Blog-Alpen_Blick-Herbstwanderung_1-1536x1152.jpg 1536w, https:\/\/www.gemsli.at\/wp-content\/uploads\/2021\/11\/gemsli-Blog-Alpen_Blick-Herbstwanderung_1-2048x1536.jpg 2048w\" sizes=\"auto, (max-width: 767px) 89vw, (max-width: 1000px) 54vw, (max-width: 1071px) 543px, 580px\" \/><\/figure><\/li><\/ul><\/figure>\n\n\n\n<p>Wir genossen die Sonnenstrahlen und die atemberaubende Bergkulisse an diesem so sch\u00f6nen Herbsttag. <br>Ein Tag wie im Bilderbuch und ein gelungenes, unvergessliches Erlebnis fu\u0308r meinen Gast. Diese Alpen_Blick Herbstwanderung wird ihr sicher fu\u0308r immer in sch\u00f6ner Erinnerung bleiben!<\/p>\n","protected":false},"excerpt":{"rendered":"<p>Aus einem Geburtstagsgutschein ihrer Freundinnen wurde fu\u0308r Nina heute ein wundersch\u00f6nes Erlebnis. Unser Tag startete mit einer abenteuerlichen Fahrt u\u0308ber die Silvretta Hochalpenstra\u00dfe nach Tirol, ins herrliche Paznaun.Eine Wanderung durch gelbe L\u00e4rchenw\u00e4lder und dunkelrot gef\u00e4rbte Rauschbeerstauden, bei strahlend blauem Himmel und sp\u00e4tsommerlichen Temperaturen. Am Tagesziel angekommen, verw\u00f6hnte ich meinen Gast mit einer traditionellen Bauernjause mit &hellip; <\/p>\n<p class=\"link-more\"><a href=\"https:\/\/www.gemsli.at\/index.php\/kunterbunte-herbstliebe\/\" class=\"more-link\">Continue reading<span class=\"screen-reader-text\"> &#8222;Kunterbunte Herbstliebe&#8220;<\/span><\/a><\/p>\n","protected":false},"author":1,"featured_media":1142,"comment_status":"closed","ping_status":"closed","sticky":false,"template":"","format":"standard","meta":{"footnotes":""},"categories":[28,5],"tags":[24],"class_list":["post-1147","post","type-post","status-publish","format-standard","has-post-thumbnail","hentry","category-alpen_blick-2","category-blog","tag-gutschein"],"_links":{"self":[{"href":"https:\/\/www.gemsli.at\/index.php\/wp-json\/wp\/v2\/posts\/1147","targetHints":{"allow":["GET"]}}],"collection":[{"href":"https:\/\/www.gemsli.at\/index.php\/wp-json\/wp\/v2\/posts"}],"about":[{"href":"https:\/\/www.gemsli.at\/index.php\/wp-json\/wp\/v2\/types\/post"}],"author":[{"embeddable":true,"href":"https:\/\/www.gemsli.at\/index.php\/wp-json\/wp\/v2\/users\/1"}],"replies":[{"embeddable":true,"href":"https:\/\/www.gemsli.at\/index.php\/wp-json\/wp\/v2\/comments?post=1147"}],"version-history":[{"count":8,"href":"https:\/\/www.gemsli.at\/index.php\/wp-json\/wp\/v2\/posts\/1147\/revisions"}],"predecessor-version":[{"id":1168,"href":"https:\/\/www.gemsli.at\/index.php\/wp-json\/wp\/v2\/posts\/1147\/revisions\/1168"}],"wp:featuredmedia":[{"embeddable":true,"href":"https:\/\/www.gemsli.at\/index.php\/wp-json\/wp\/v2\/media\/1142"}],"wp:attachment":[{"href":"https:\/\/www.gemsli.at\/index.php\/wp-json\/wp\/v2\/media?parent=1147"}],"wp:term":[{"taxonomy":"category","embeddable":true,"href":"https:\/\/www.gemsli.at\/index.php\/wp-json\/wp\/v2\/categories?post=1147"},{"taxonomy":"post_tag","embeddable":true,"href":"https:\/\/www.gemsli.at\/index.php\/wp-json\/wp\/v2\/tags?post=1147"}],"curies":[{"name":"wp","href":"https:\/\/api.w.org\/{rel}","templated":true}]}}